{"id":1041,"date":"2021-01-13T22:04:34","date_gmt":"2021-01-14T01:04:34","guid":{"rendered":"https:\/\/www.mirol.com\/?p=1041"},"modified":"2023-11-12T17:31:52","modified_gmt":"2023-11-12T20:31:52","slug":"software-en-la-nube-es-para-mi-empresa-ii-covid-19-2020","status":"publish","type":"post","link":"https:\/\/www.mirol.com\/index.php\/software-en-la-nube-es-para-mi-empresa-ii-covid-19-2020\/","title":{"rendered":"Software en la Nube, es para mi empresa? II"},"content":{"rendered":"\n<p>En septiembre de 2016 publicamos la nota con esta pregunta que hoy parece premonitoria.<\/p>\n\n\n\n<p>Las empresas que no estaban trabajando en remoto tuvieron que hacerlo a las apuradas en menos de 30 d\u00edas para que su personal pudiera continuar trabajando desde su hogar en el medio de la cuarentena, y no frenar las operaciones.<\/p>\n\n\n\n<p>Por supuesto, todo lo que no se planifica y se implementa ordenadamente, termina siendo un caos y hay que invertir lo que no estaba previsto y mal.<\/p>\n\n\n\n<p>A causa de esto, despu\u00e9s de la cuarentena se observa el siguiente resultado:<\/p>\n\n\n\n<ul class=\"wp-block-list\">\n<li>Las empresas que debido al caos y las decisiones tomadas en el apuro, llegan -err\u00f3neamente-, a la conclusi\u00f3n de que \u00abNube\u00bb no es para ellos. O sea, abandonan esta modalidad y vuelven al siglo pasado.<\/li>\n\n\n\n<li>Las empresas que aprovecharon para aprender, fueron realizando los cambios, midieron los resultados y hoy deciden continuar trabajando en la Nube o alguna modalidad mixta.<\/li>\n<\/ul>\n\n\n\n<p>La experiencia durante la cuarentena, demostr\u00f3 que se puede trabajar en remoto, ser mas eficiente, mantener el control de la productividad y reducir los costos.<\/p>\n\n\n\n<p>En el \u00abEstudio anual sobre la demanda de software empresarial en Espa\u00f1a 2019\u00bb realizado por SoftDoIT, el 48% de las empresas medianas o peque\u00f1as optaron por Nube, 26% prefer\u00edan Seguir localmente y 26% lo estaban pensando. Que cree que dar\u00eda el mismo estudio hoy? Seguro que mas del 80% preferir\u00e1n Nube.<\/p>\n\n\n\n<p>Nosotros tenemos disponible una versi\u00f3n Nube para nuestros Clientes desde Julio 2017. Cuando se decret\u00f3 la cuarentena, muchos ya estaban hace tiempo trabajando en remoto y otros se sumaron en marzo 2020, pudiendo seguir trabajando con una demora de solo algunos d\u00edas.<\/p>\n\n\n\n<p>Resumiendo\u2026<\/p>\n\n\n\n<p>La Nube y el trabajo en remoto lleg\u00f3 para quedarse. No ahora\u2026 hace a\u00f1os. Solo que ahora muchos reacios a pasarse han comprobado, bajo presi\u00f3n, las enormes ventas que aporta la libertad de poder trabajar en cualquier lugar del mundo &nbsp;en cualquier momento, mejorando nuestra productividad y en muchos casos introducir ahorros.<\/p>\n\n\n\n<p>Daniel Mirol<br>Director Ejecutivo de Mirol SyS<\/p>\n","protected":false},"excerpt":{"rendered":"<p>En septiembre de 2016 publicamos la nota con esta pregunta que hoy parece premonitoria. Las empresas que no estaban trabajando en remoto tuvieron que hacerlo a las apuradas en menos de 30 d\u00edas para que su personal pudiera continuar trabajando&#8230;<\/p>\n","protected":false},"author":1,"featured_media":771,"comment_status":"closed","ping_status":"closed","sticky":false,"template":"","format":"standard","meta":{"footnotes":""},"categories":[4],"tags":[],"class_list":["post-1041","post","type-post","status-publish","format-standard","has-post-thumbnail","hentry","category-novedades"],"yoast_head":"<!-- This site is optimized with the Yoast SEO plugin v23.0 - https:\/\/yoast.com\/wordpress\/plugins\/seo\/ -->\r\n<title>Software en la Nube, es para mi empresa? II - Mirol SyS<\/title>\r\n<meta name=\"robots\" content=\"index, follow, max-snippet:-1, max-image-preview:large, max-video-preview:-1\" \/>\r\n<link rel=\"canonical\" href=\"https:\/\/www.mirol.com\/index.php\/software-en-la-nube-es-para-mi-empresa-ii-covid-19-2020\/\" \/>\r\n<meta property=\"og:locale\" content=\"es_ES\" \/>\r\n<meta property=\"og:type\" content=\"article\" \/>\r\n<meta property=\"og:title\" content=\"Software en la Nube, es para mi empresa? II - Mirol SyS\" \/>\r\n<meta property=\"og:description\" content=\"En septiembre de 2016 publicamos la nota con esta pregunta que hoy parece premonitoria. Las empresas que no estaban trabajando en remoto tuvieron que hacerlo a las apuradas en menos de 30 d\u00edas para que su personal pudiera continuar trabajando...\" \/>\r\n<meta property=\"og:url\" content=\"https:\/\/www.mirol.com\/index.php\/software-en-la-nube-es-para-mi-empresa-ii-covid-19-2020\/\" \/>\r\n<meta property=\"og:site_name\" content=\"Mirol SyS\" \/>\r\n<meta property=\"article:published_time\" content=\"2021-01-14T01:04:34+00:00\" \/>\r\n<meta property=\"article:modified_time\" content=\"2023-11-12T20:31:52+00:00\" \/>\r\n<meta property=\"og:image\" content=\"https:\/\/www.mirol.com\/wp-content\/uploads\/2016\/09\/cloud-computing-from-any-device.jpg\" \/>\r\n\t<meta property=\"og:image:width\" content=\"1458\" \/>\r\n\t<meta property=\"og:image:height\" content=\"1218\" \/>\r\n\t<meta property=\"og:image:type\" content=\"image\/jpeg\" \/>\r\n<meta name=\"author\" content=\"Mirol SyS\" \/>\r\n<meta name=\"twitter:label1\" content=\"Escrito por\" \/>\n\t<meta name=\"twitter:data1\" content=\"Mirol SyS\" \/>\n\t<meta name=\"twitter:label2\" content=\"Tiempo de lectura\" \/>\n\t<meta name=\"twitter:data2\" content=\"2 minutos\" \/>\r\n<script type=\"application\/ld+json\" class=\"yoast-schema-graph\">{\"@context\":\"https:\/\/schema.org\",\"@graph\":[{\"@type\":\"Article\",\"@id\":\"https:\/\/www.mirol.com\/index.php\/software-en-la-nube-es-para-mi-empresa-ii-covid-19-2020\/#article\",\"isPartOf\":{\"@id\":\"https:\/\/www.mirol.com\/index.php\/software-en-la-nube-es-para-mi-empresa-ii-covid-19-2020\/\"},\"author\":{\"name\":\"Mirol SyS\",\"@id\":\"https:\/\/www.mirol.com\/#\/schema\/person\/a39b2dda2411c7a47fe7d02d62732c45\"},\"headline\":\"Software en la Nube, es para mi empresa? II\",\"datePublished\":\"2021-01-14T01:04:34+00:00\",\"dateModified\":\"2023-11-12T20:31:52+00:00\",\"mainEntityOfPage\":{\"@id\":\"https:\/\/www.mirol.com\/index.php\/software-en-la-nube-es-para-mi-empresa-ii-covid-19-2020\/\"},\"wordCount\":345,\"publisher\":{\"@id\":\"https:\/\/www.mirol.com\/#organization\"},\"image\":{\"@id\":\"https:\/\/www.mirol.com\/index.php\/software-en-la-nube-es-para-mi-empresa-ii-covid-19-2020\/#primaryimage\"},\"thumbnailUrl\":\"https:\/\/www.mirol.com\/wp-content\/uploads\/2016\/09\/cloud-computing-from-any-device.jpg\",\"articleSection\":[\"Novedades\"],\"inLanguage\":\"es\"},{\"@type\":\"WebPage\",\"@id\":\"https:\/\/www.mirol.com\/index.php\/software-en-la-nube-es-para-mi-empresa-ii-covid-19-2020\/\",\"url\":\"https:\/\/www.mirol.com\/index.php\/software-en-la-nube-es-para-mi-empresa-ii-covid-19-2020\/\",\"name\":\"Software en la Nube, es para mi empresa? II - Mirol SyS\",\"isPartOf\":{\"@id\":\"https:\/\/www.mirol.com\/#website\"},\"primaryImageOfPage\":{\"@id\":\"https:\/\/www.mirol.com\/index.php\/software-en-la-nube-es-para-mi-empresa-ii-covid-19-2020\/#primaryimage\"},\"image\":{\"@id\":\"https:\/\/www.mirol.com\/index.php\/software-en-la-nube-es-para-mi-empresa-ii-covid-19-2020\/#primaryimage\"},\"thumbnailUrl\":\"https:\/\/www.mirol.com\/wp-content\/uploads\/2016\/09\/cloud-computing-from-any-device.jpg\",\"datePublished\":\"2021-01-14T01:04:34+00:00\",\"dateModified\":\"2023-11-12T20:31:52+00:00\",\"breadcrumb\":{\"@id\":\"https:\/\/www.mirol.com\/index.php\/software-en-la-nube-es-para-mi-empresa-ii-covid-19-2020\/#breadcrumb\"},\"inLanguage\":\"es\",\"potentialAction\":[{\"@type\":\"ReadAction\",\"target\":[\"https:\/\/www.mirol.com\/index.php\/software-en-la-nube-es-para-mi-empresa-ii-covid-19-2020\/\"]}]},{\"@type\":\"ImageObject\",\"inLanguage\":\"es\",\"@id\":\"https:\/\/www.mirol.com\/index.php\/software-en-la-nube-es-para-mi-empresa-ii-covid-19-2020\/#primaryimage\",\"url\":\"https:\/\/www.mirol.com\/wp-content\/uploads\/2016\/09\/cloud-computing-from-any-device.jpg\",\"contentUrl\":\"https:\/\/www.mirol.com\/wp-content\/uploads\/2016\/09\/cloud-computing-from-any-device.jpg\",\"width\":1458,\"height\":1218,\"caption\":\"Mirol Nube\"},{\"@type\":\"BreadcrumbList\",\"@id\":\"https:\/\/www.mirol.com\/index.php\/software-en-la-nube-es-para-mi-empresa-ii-covid-19-2020\/#breadcrumb\",\"itemListElement\":[{\"@type\":\"ListItem\",\"position\":1,\"name\":\"Portada\",\"item\":\"https:\/\/www.mirol.com\/\"},{\"@type\":\"ListItem\",\"position\":2,\"name\":\"Software en la Nube, es para mi empresa? II\"}]},{\"@type\":\"WebSite\",\"@id\":\"https:\/\/www.mirol.com\/#website\",\"url\":\"https:\/\/www.mirol.com\/\",\"name\":\"Mirol SyS\",\"description\":\"Software de Gesti\u00f3n para Empresas\",\"publisher\":{\"@id\":\"https:\/\/www.mirol.com\/#organization\"},\"potentialAction\":[{\"@type\":\"SearchAction\",\"target\":{\"@type\":\"EntryPoint\",\"urlTemplate\":\"https:\/\/www.mirol.com\/?s={search_term_string}\"},\"query-input\":\"required name=search_term_string\"}],\"inLanguage\":\"es\"},{\"@type\":\"Organization\",\"@id\":\"https:\/\/www.mirol.com\/#organization\",\"name\":\"Mirol SyS\",\"url\":\"https:\/\/www.mirol.com\/\",\"logo\":{\"@type\":\"ImageObject\",\"inLanguage\":\"es\",\"@id\":\"https:\/\/www.mirol.com\/#\/schema\/logo\/image\/\",\"url\":\"https:\/\/www.mirol.com\/wp-content\/uploads\/2015\/05\/Logo-rectangular.jpg\",\"contentUrl\":\"https:\/\/www.mirol.com\/wp-content\/uploads\/2015\/05\/Logo-rectangular.jpg\",\"width\":191,\"height\":74,\"caption\":\"Mirol SyS\"},\"image\":{\"@id\":\"https:\/\/www.mirol.com\/#\/schema\/logo\/image\/\"}},{\"@type\":\"Person\",\"@id\":\"https:\/\/www.mirol.com\/#\/schema\/person\/a39b2dda2411c7a47fe7d02d62732c45\",\"name\":\"Mirol SyS\",\"image\":{\"@type\":\"ImageObject\",\"inLanguage\":\"es\",\"@id\":\"https:\/\/www.mirol.com\/#\/schema\/person\/image\/\",\"url\":\"https:\/\/secure.gravatar.com\/avatar\/d7d4e16d332b3090f12e859f7a14e14bfdfc8c4d1ca82bec2c52c9150822bc4c?s=96&d=mm&r=g\",\"contentUrl\":\"https:\/\/secure.gravatar.com\/avatar\/d7d4e16d332b3090f12e859f7a14e14bfdfc8c4d1ca82bec2c52c9150822bc4c?s=96&d=mm&r=g\",\"caption\":\"Mirol SyS\"},\"url\":\"https:\/\/www.mirol.com\/index.php\/author\/admin\/\"}]}<\/script>\r\n<!-- \/ Yoast SEO plugin. -->","yoast_head_json":{"title":"Software en la Nube, es para mi empresa? II - Mirol SyS","robots":{"index":"index","follow":"follow","max-snippet":"max-snippet:-1","max-image-preview":"max-image-preview:large","max-video-preview":"max-video-preview:-1"},"canonical":"https:\/\/www.mirol.com\/index.php\/software-en-la-nube-es-para-mi-empresa-ii-covid-19-2020\/","og_locale":"es_ES","og_type":"article","og_title":"Software en la Nube, es para mi empresa? II - Mirol SyS","og_description":"En septiembre de 2016 publicamos la nota con esta pregunta que hoy parece premonitoria. Las empresas que no estaban trabajando en remoto tuvieron que hacerlo a las apuradas en menos de 30 d\u00edas para que su personal pudiera continuar trabajando...","og_url":"https:\/\/www.mirol.com\/index.php\/software-en-la-nube-es-para-mi-empresa-ii-covid-19-2020\/","og_site_name":"Mirol SyS","article_published_time":"2021-01-14T01:04:34+00:00","article_modified_time":"2023-11-12T20:31:52+00:00","og_image":[{"width":1458,"height":1218,"url":"https:\/\/www.mirol.com\/wp-content\/uploads\/2016\/09\/cloud-computing-from-any-device.jpg","type":"image\/jpeg"}],"author":"Mirol SyS","twitter_misc":{"Escrito por":"Mirol SyS","Tiempo de lectura":"2 minutos"},"schema":{"@context":"https:\/\/schema.org","@graph":[{"@type":"Article","@id":"https:\/\/www.mirol.com\/index.php\/software-en-la-nube-es-para-mi-empresa-ii-covid-19-2020\/#article","isPartOf":{"@id":"https:\/\/www.mirol.com\/index.php\/software-en-la-nube-es-para-mi-empresa-ii-covid-19-2020\/"},"author":{"name":"Mirol SyS","@id":"https:\/\/www.mirol.com\/#\/schema\/person\/a39b2dda2411c7a47fe7d02d62732c45"},"headline":"Software en la Nube, es para mi empresa? II","datePublished":"2021-01-14T01:04:34+00:00","dateModified":"2023-11-12T20:31:52+00:00","mainEntityOfPage":{"@id":"https:\/\/www.mirol.com\/index.php\/software-en-la-nube-es-para-mi-empresa-ii-covid-19-2020\/"},"wordCount":345,"publisher":{"@id":"https:\/\/www.mirol.com\/#organization"},"image":{"@id":"https:\/\/www.mirol.com\/index.php\/software-en-la-nube-es-para-mi-empresa-ii-covid-19-2020\/#primaryimage"},"thumbnailUrl":"https:\/\/www.mirol.com\/wp-content\/uploads\/2016\/09\/cloud-computing-from-any-device.jpg","articleSection":["Novedades"],"inLanguage":"es"},{"@type":"WebPage","@id":"https:\/\/www.mirol.com\/index.php\/software-en-la-nube-es-para-mi-empresa-ii-covid-19-2020\/","url":"https:\/\/www.mirol.com\/index.php\/software-en-la-nube-es-para-mi-empresa-ii-covid-19-2020\/","name":"Software en la Nube, es para mi empresa? II - Mirol SyS","isPartOf":{"@id":"https:\/\/www.mirol.com\/#website"},"primaryImageOfPage":{"@id":"https:\/\/www.mirol.com\/index.php\/software-en-la-nube-es-para-mi-empresa-ii-covid-19-2020\/#primaryimage"},"image":{"@id":"https:\/\/www.mirol.com\/index.php\/software-en-la-nube-es-para-mi-empresa-ii-covid-19-2020\/#primaryimage"},"thumbnailUrl":"https:\/\/www.mirol.com\/wp-content\/uploads\/2016\/09\/cloud-computing-from-any-device.jpg","datePublished":"2021-01-14T01:04:34+00:00","dateModified":"2023-11-12T20:31:52+00:00","breadcrumb":{"@id":"https:\/\/www.mirol.com\/index.php\/software-en-la-nube-es-para-mi-empresa-ii-covid-19-2020\/#breadcrumb"},"inLanguage":"es","potentialAction":[{"@type":"ReadAction","target":["https:\/\/www.mirol.com\/index.php\/software-en-la-nube-es-para-mi-empresa-ii-covid-19-2020\/"]}]},{"@type":"ImageObject","inLanguage":"es","@id":"https:\/\/www.mirol.com\/index.php\/software-en-la-nube-es-para-mi-empresa-ii-covid-19-2020\/#primaryimage","url":"https:\/\/www.mirol.com\/wp-content\/uploads\/2016\/09\/cloud-computing-from-any-device.jpg","contentUrl":"https:\/\/www.mirol.com\/wp-content\/uploads\/2016\/09\/cloud-computing-from-any-device.jpg","width":1458,"height":1218,"caption":"Mirol Nube"},{"@type":"BreadcrumbList","@id":"https:\/\/www.mirol.com\/index.php\/software-en-la-nube-es-para-mi-empresa-ii-covid-19-2020\/#breadcrumb","itemListElement":[{"@type":"ListItem","position":1,"name":"Portada","item":"https:\/\/www.mirol.com\/"},{"@type":"ListItem","position":2,"name":"Software en la Nube, es para mi empresa? II"}]},{"@type":"WebSite","@id":"https:\/\/www.mirol.com\/#website","url":"https:\/\/www.mirol.com\/","name":"Mirol SyS","description":"Software de Gesti\u00f3n para Empresas","publisher":{"@id":"https:\/\/www.mirol.com\/#organization"},"potentialAction":[{"@type":"SearchAction","target":{"@type":"EntryPoint","urlTemplate":"https:\/\/www.mirol.com\/?s={search_term_string}"},"query-input":"required name=search_term_string"}],"inLanguage":"es"},{"@type":"Organization","@id":"https:\/\/www.mirol.com\/#organization","name":"Mirol SyS","url":"https:\/\/www.mirol.com\/","logo":{"@type":"ImageObject","inLanguage":"es","@id":"https:\/\/www.mirol.com\/#\/schema\/logo\/image\/","url":"https:\/\/www.mirol.com\/wp-content\/uploads\/2015\/05\/Logo-rectangular.jpg","contentUrl":"https:\/\/www.mirol.com\/wp-content\/uploads\/2015\/05\/Logo-rectangular.jpg","width":191,"height":74,"caption":"Mirol SyS"},"image":{"@id":"https:\/\/www.mirol.com\/#\/schema\/logo\/image\/"}},{"@type":"Person","@id":"https:\/\/www.mirol.com\/#\/schema\/person\/a39b2dda2411c7a47fe7d02d62732c45","name":"Mirol SyS","image":{"@type":"ImageObject","inLanguage":"es","@id":"https:\/\/www.mirol.com\/#\/schema\/person\/image\/","url":"https:\/\/secure.gravatar.com\/avatar\/d7d4e16d332b3090f12e859f7a14e14bfdfc8c4d1ca82bec2c52c9150822bc4c?s=96&d=mm&r=g","contentUrl":"https:\/\/secure.gravatar.com\/avatar\/d7d4e16d332b3090f12e859f7a14e14bfdfc8c4d1ca82bec2c52c9150822bc4c?s=96&d=mm&r=g","caption":"Mirol SyS"},"url":"https:\/\/www.mirol.com\/index.php\/author\/admin\/"}]}},"_links":{"self":[{"href":"https:\/\/www.mirol.com\/index.php\/wp-json\/wp\/v2\/posts\/1041","targetHints":{"allow":["GET"]}}],"collection":[{"href":"https:\/\/www.mirol.com\/index.php\/wp-json\/wp\/v2\/posts"}],"about":[{"href":"https:\/\/www.mirol.com\/index.php\/wp-json\/wp\/v2\/types\/post"}],"author":[{"embeddable":true,"href":"https:\/\/www.mirol.com\/index.php\/wp-json\/wp\/v2\/users\/1"}],"replies":[{"embeddable":true,"href":"https:\/\/www.mirol.com\/index.php\/wp-json\/wp\/v2\/comments?post=1041"}],"version-history":[{"count":2,"href":"https:\/\/www.mirol.com\/index.php\/wp-json\/wp\/v2\/posts\/1041\/revisions"}],"predecessor-version":[{"id":1181,"href":"https:\/\/www.mirol.com\/index.php\/wp-json\/wp\/v2\/posts\/1041\/revisions\/1181"}],"wp:featuredmedia":[{"embeddable":true,"href":"https:\/\/www.mirol.com\/index.php\/wp-json\/wp\/v2\/media\/771"}],"wp:attachment":[{"href":"https:\/\/www.mirol.com\/index.php\/wp-json\/wp\/v2\/media?parent=1041"}],"wp:term":[{"taxonomy":"category","embeddable":true,"href":"https:\/\/www.mirol.com\/index.php\/wp-json\/wp\/v2\/categories?post=1041"},{"taxonomy":"post_tag","embeddable":true,"href":"https:\/\/www.mirol.com\/index.php\/wp-json\/wp\/v2\/tags?post=1041"}],"curies":[{"name":"wp","href":"https:\/\/api.w.org\/{rel}","templated":true}]}}